{"id":1010,"date":"2025-06-09T07:09:17","date_gmt":"2025-06-09T11:09:17","guid":{"rendered":"https:\/\/augustines.org\/asamblea-general-de-la-conferencia-religiosa-canadiense-crc\/"},"modified":"2025-06-17T11:04:39","modified_gmt":"2025-06-17T15:04:39","slug":"asamblea-general-de-la-conferencia-religiosa-canadiense-crc","status":"publish","type":"post","link":"https:\/\/augustines.org\/es\/asamblea-general-de-la-conferencia-religiosa-canadiense-crc\/","title":{"rendered":"Asamblea General de la Conferencia Religiosa Canadiense (CRC)"},"content":{"rendered":"","protected":false},"excerpt":{"rendered":"","protected":false},"author":1,"featured_media":1000,"comment_status":"closed","ping_status":"closed","sticky":false,"template":"","format":"standard","meta":{"footnotes":""},"categories":[23],"tags":[],"class_list":["post-1010","post","type-post","status-publish","format-standard","has-post-thumbnail","hentry","category-actualidad"],"yoast_head":"<!-- This site is optimized with the Yoast SEO plugin v27.3 - https:\/\/yoast.com\/product\/yoast-seo-wordpress\/ -->\n<title>Asamblea General de la Conferencia Religiosa Canadiense (CRC) - La F\u00e9d\u00e9ration - Augustines de la mis\u00e9ricorde de J\u00e9sus<\/title>\n<meta name=\"robots\" content=\"index, follow, max-snippet:-1, max-image-preview:large, max-video-preview:-1\" \/>\n<link rel=\"canonical\" href=\"https:\/\/augustines.org\/es\/asamblea-general-de-la-conferencia-religiosa-canadiense-crc\/\" \/>\n<meta property=\"og:locale\" content=\"es_ES\" \/>\n<meta property=\"og:type\" content=\"article\" \/>\n<meta property=\"og:title\" content=\"Asamblea General de la Conferencia Religiosa Canadiense (CRC) - La F\u00e9d\u00e9ration - Augustines de la mis\u00e9ricorde de J\u00e9sus\" \/>\n<meta property=\"og:url\" content=\"https:\/\/augustines.org\/es\/asamblea-general-de-la-conferencia-religiosa-canadiense-crc\/\" \/>\n<meta property=\"og:site_name\" content=\"La F\u00e9d\u00e9ration - Augustines de la mis\u00e9ricorde de J\u00e9sus\" \/>\n<meta property=\"article:published_time\" content=\"2025-06-09T11:09:17+00:00\" \/>\n<meta property=\"article:modified_time\" content=\"2025-06-17T15:04:39+00:00\" \/>\n<meta property=\"og:image\" content=\"https:\/\/augustines.org\/wp-content\/uploads\/2025\/06\/IMG_0871.jpg\" \/>\n\t<meta property=\"og:image:width\" content=\"2000\" \/>\n\t<meta property=\"og:image:height\" content=\"1500\" \/>\n\t<meta property=\"og:image:type\" content=\"image\/jpeg\" \/>\n<meta name=\"author\" content=\"admin\" \/>\n<meta name=\"twitter:card\" content=\"summary_large_image\" \/>\n<meta name=\"twitter:label1\" content=\"Escrito por\" \/>\n\t<meta name=\"twitter:data1\" content=\"admin\" \/>\n<script type=\"application\/ld+json\" class=\"yoast-schema-graph\">{\"@context\":\"https:\\\/\\\/schema.org\",\"@graph\":[{\"@type\":\"Article\",\"@id\":\"https:\\\/\\\/augustines.org\\\/es\\\/asamblea-general-de-la-conferencia-religiosa-canadiense-crc\\\/#article\",\"isPartOf\":{\"@id\":\"https:\\\/\\\/augustines.org\\\/es\\\/asamblea-general-de-la-conferencia-religiosa-canadiense-crc\\\/\"},\"author\":{\"name\":\"admin\",\"@id\":\"https:\\\/\\\/augustines.org\\\/#\\\/schema\\\/person\\\/99e7f49441031bce5fcb2071b57f8be3\"},\"headline\":\"Asamblea General de la Conferencia Religiosa Canadiense (CRC)\",\"datePublished\":\"2025-06-09T11:09:17+00:00\",\"dateModified\":\"2025-06-17T15:04:39+00:00\",\"mainEntityOfPage\":{\"@id\":\"https:\\\/\\\/augustines.org\\\/es\\\/asamblea-general-de-la-conferencia-religiosa-canadiense-crc\\\/\"},\"wordCount\":8,\"publisher\":{\"@id\":\"https:\\\/\\\/augustines.org\\\/#organization\"},\"image\":{\"@id\":\"https:\\\/\\\/augustines.org\\\/es\\\/asamblea-general-de-la-conferencia-religiosa-canadiense-crc\\\/#primaryimage\"},\"thumbnailUrl\":\"https:\\\/\\\/augustines.org\\\/wp-content\\\/uploads\\\/2025\\\/06\\\/IMG_0871.jpg\",\"articleSection\":[\"Actualidad\"],\"inLanguage\":\"es\"},{\"@type\":\"WebPage\",\"@id\":\"https:\\\/\\\/augustines.org\\\/es\\\/asamblea-general-de-la-conferencia-religiosa-canadiense-crc\\\/\",\"url\":\"https:\\\/\\\/augustines.org\\\/es\\\/asamblea-general-de-la-conferencia-religiosa-canadiense-crc\\\/\",\"name\":\"Asamblea General de la Conferencia Religiosa Canadiense (CRC) - La F\u00e9d\u00e9ration - Augustines de la mis\u00e9ricorde de J\u00e9sus\",\"isPartOf\":{\"@id\":\"https:\\\/\\\/augustines.org\\\/#website\"},\"primaryImageOfPage\":{\"@id\":\"https:\\\/\\\/augustines.org\\\/es\\\/asamblea-general-de-la-conferencia-religiosa-canadiense-crc\\\/#primaryimage\"},\"image\":{\"@id\":\"https:\\\/\\\/augustines.org\\\/es\\\/asamblea-general-de-la-conferencia-religiosa-canadiense-crc\\\/#primaryimage\"},\"thumbnailUrl\":\"https:\\\/\\\/augustines.org\\\/wp-content\\\/uploads\\\/2025\\\/06\\\/IMG_0871.jpg\",\"datePublished\":\"2025-06-09T11:09:17+00:00\",\"dateModified\":\"2025-06-17T15:04:39+00:00\",\"breadcrumb\":{\"@id\":\"https:\\\/\\\/augustines.org\\\/es\\\/asamblea-general-de-la-conferencia-religiosa-canadiense-crc\\\/#breadcrumb\"},\"inLanguage\":\"es\",\"potentialAction\":[{\"@type\":\"ReadAction\",\"target\":[\"https:\\\/\\\/augustines.org\\\/es\\\/asamblea-general-de-la-conferencia-religiosa-canadiense-crc\\\/\"]}]},{\"@type\":\"ImageObject\",\"inLanguage\":\"es\",\"@id\":\"https:\\\/\\\/augustines.org\\\/es\\\/asamblea-general-de-la-conferencia-religiosa-canadiense-crc\\\/#primaryimage\",\"url\":\"https:\\\/\\\/augustines.org\\\/wp-content\\\/uploads\\\/2025\\\/06\\\/IMG_0871.jpg\",\"contentUrl\":\"https:\\\/\\\/augustines.org\\\/wp-content\\\/uploads\\\/2025\\\/06\\\/IMG_0871.jpg\",\"width\":2000,\"height\":1500},{\"@type\":\"BreadcrumbList\",\"@id\":\"https:\\\/\\\/augustines.org\\\/es\\\/asamblea-general-de-la-conferencia-religiosa-canadiense-crc\\\/#breadcrumb\",\"itemListElement\":[{\"@type\":\"ListItem\",\"position\":1,\"name\":\"Accueil\",\"item\":\"https:\\\/\\\/augustines.org\\\/es\\\/\"},{\"@type\":\"ListItem\",\"position\":2,\"name\":\"Asamblea General de la Conferencia Religiosa Canadiense (CRC)\"}]},{\"@type\":\"WebSite\",\"@id\":\"https:\\\/\\\/augustines.org\\\/#website\",\"url\":\"https:\\\/\\\/augustines.org\\\/\",\"name\":\"La F\u00e9d\u00e9ration - Augustines de la mis\u00e9ricorde de J\u00e9sus\",\"description\":\"Rassemblement de monast\u00e8res\",\"publisher\":{\"@id\":\"https:\\\/\\\/augustines.org\\\/#organization\"},\"potentialAction\":[{\"@type\":\"SearchAction\",\"target\":{\"@type\":\"EntryPoint\",\"urlTemplate\":\"https:\\\/\\\/augustines.org\\\/?s={search_term_string}\"},\"query-input\":{\"@type\":\"PropertyValueSpecification\",\"valueRequired\":true,\"valueName\":\"search_term_string\"}}],\"inLanguage\":\"es\"},{\"@type\":\"Organization\",\"@id\":\"https:\\\/\\\/augustines.org\\\/#organization\",\"name\":\"La F\u00e9d\u00e9ration - Augustines de la mis\u00e9ricorde de J\u00e9sus\",\"url\":\"https:\\\/\\\/augustines.org\\\/\",\"logo\":{\"@type\":\"ImageObject\",\"inLanguage\":\"es\",\"@id\":\"https:\\\/\\\/augustines.org\\\/#\\\/schema\\\/logo\\\/image\\\/\",\"url\":\"https:\\\/\\\/augustines.org\\\/wp-content\\\/uploads\\\/2025\\\/04\\\/federation-des-augustines-logoweb.jpg\",\"contentUrl\":\"https:\\\/\\\/augustines.org\\\/wp-content\\\/uploads\\\/2025\\\/04\\\/federation-des-augustines-logoweb.jpg\",\"width\":796,\"height\":333,\"caption\":\"La F\u00e9d\u00e9ration - Augustines de la mis\u00e9ricorde de J\u00e9sus\"},\"image\":{\"@id\":\"https:\\\/\\\/augustines.org\\\/#\\\/schema\\\/logo\\\/image\\\/\"}},{\"@type\":\"Person\",\"@id\":\"https:\\\/\\\/augustines.org\\\/#\\\/schema\\\/person\\\/99e7f49441031bce5fcb2071b57f8be3\",\"name\":\"admin\",\"image\":{\"@type\":\"ImageObject\",\"inLanguage\":\"es\",\"@id\":\"https:\\\/\\\/secure.gravatar.com\\\/avatar\\\/e903041729a40b10e116f23cb9c054bc9eb0a238ea71f17a8a36f029139ebaa2?s=96&d=mm&r=g\",\"url\":\"https:\\\/\\\/secure.gravatar.com\\\/avatar\\\/e903041729a40b10e116f23cb9c054bc9eb0a238ea71f17a8a36f029139ebaa2?s=96&d=mm&r=g\",\"contentUrl\":\"https:\\\/\\\/secure.gravatar.com\\\/avatar\\\/e903041729a40b10e116f23cb9c054bc9eb0a238ea71f17a8a36f029139ebaa2?s=96&d=mm&r=g\",\"caption\":\"admin\"},\"sameAs\":[\"https:\\\/\\\/augustines.org\"],\"url\":\"https:\\\/\\\/augustines.org\\\/es\\\/author\\\/helenebouicloud-com\\\/\"}]}<\/script>\n<!-- \/ Yoast SEO plugin. -->","yoast_head_json":{"title":"Asamblea General de la Conferencia Religiosa Canadiense (CRC) - La F\u00e9d\u00e9ration - Augustines de la mis\u00e9ricorde de J\u00e9sus","robots":{"index":"index","follow":"follow","max-snippet":"max-snippet:-1","max-image-preview":"max-image-preview:large","max-video-preview":"max-video-preview:-1"},"canonical":"https:\/\/augustines.org\/es\/asamblea-general-de-la-conferencia-religiosa-canadiense-crc\/","og_locale":"es_ES","og_type":"article","og_title":"Asamblea General de la Conferencia Religiosa Canadiense (CRC) - La F\u00e9d\u00e9ration - Augustines de la mis\u00e9ricorde de J\u00e9sus","og_url":"https:\/\/augustines.org\/es\/asamblea-general-de-la-conferencia-religiosa-canadiense-crc\/","og_site_name":"La F\u00e9d\u00e9ration - Augustines de la mis\u00e9ricorde de J\u00e9sus","article_published_time":"2025-06-09T11:09:17+00:00","article_modified_time":"2025-06-17T15:04:39+00:00","og_image":[{"width":2000,"height":1500,"url":"https:\/\/augustines.org\/wp-content\/uploads\/2025\/06\/IMG_0871.jpg","type":"image\/jpeg"}],"author":"admin","twitter_card":"summary_large_image","twitter_misc":{"Escrito por":"admin"},"schema":{"@context":"https:\/\/schema.org","@graph":[{"@type":"Article","@id":"https:\/\/augustines.org\/es\/asamblea-general-de-la-conferencia-religiosa-canadiense-crc\/#article","isPartOf":{"@id":"https:\/\/augustines.org\/es\/asamblea-general-de-la-conferencia-religiosa-canadiense-crc\/"},"author":{"name":"admin","@id":"https:\/\/augustines.org\/#\/schema\/person\/99e7f49441031bce5fcb2071b57f8be3"},"headline":"Asamblea General de la Conferencia Religiosa Canadiense (CRC)","datePublished":"2025-06-09T11:09:17+00:00","dateModified":"2025-06-17T15:04:39+00:00","mainEntityOfPage":{"@id":"https:\/\/augustines.org\/es\/asamblea-general-de-la-conferencia-religiosa-canadiense-crc\/"},"wordCount":8,"publisher":{"@id":"https:\/\/augustines.org\/#organization"},"image":{"@id":"https:\/\/augustines.org\/es\/asamblea-general-de-la-conferencia-religiosa-canadiense-crc\/#primaryimage"},"thumbnailUrl":"https:\/\/augustines.org\/wp-content\/uploads\/2025\/06\/IMG_0871.jpg","articleSection":["Actualidad"],"inLanguage":"es"},{"@type":"WebPage","@id":"https:\/\/augustines.org\/es\/asamblea-general-de-la-conferencia-religiosa-canadiense-crc\/","url":"https:\/\/augustines.org\/es\/asamblea-general-de-la-conferencia-religiosa-canadiense-crc\/","name":"Asamblea General de la Conferencia Religiosa Canadiense (CRC) - La F\u00e9d\u00e9ration - Augustines de la mis\u00e9ricorde de J\u00e9sus","isPartOf":{"@id":"https:\/\/augustines.org\/#website"},"primaryImageOfPage":{"@id":"https:\/\/augustines.org\/es\/asamblea-general-de-la-conferencia-religiosa-canadiense-crc\/#primaryimage"},"image":{"@id":"https:\/\/augustines.org\/es\/asamblea-general-de-la-conferencia-religiosa-canadiense-crc\/#primaryimage"},"thumbnailUrl":"https:\/\/augustines.org\/wp-content\/uploads\/2025\/06\/IMG_0871.jpg","datePublished":"2025-06-09T11:09:17+00:00","dateModified":"2025-06-17T15:04:39+00:00","breadcrumb":{"@id":"https:\/\/augustines.org\/es\/asamblea-general-de-la-conferencia-religiosa-canadiense-crc\/#breadcrumb"},"inLanguage":"es","potentialAction":[{"@type":"ReadAction","target":["https:\/\/augustines.org\/es\/asamblea-general-de-la-conferencia-religiosa-canadiense-crc\/"]}]},{"@type":"ImageObject","inLanguage":"es","@id":"https:\/\/augustines.org\/es\/asamblea-general-de-la-conferencia-religiosa-canadiense-crc\/#primaryimage","url":"https:\/\/augustines.org\/wp-content\/uploads\/2025\/06\/IMG_0871.jpg","contentUrl":"https:\/\/augustines.org\/wp-content\/uploads\/2025\/06\/IMG_0871.jpg","width":2000,"height":1500},{"@type":"BreadcrumbList","@id":"https:\/\/augustines.org\/es\/asamblea-general-de-la-conferencia-religiosa-canadiense-crc\/#breadcrumb","itemListElement":[{"@type":"ListItem","position":1,"name":"Accueil","item":"https:\/\/augustines.org\/es\/"},{"@type":"ListItem","position":2,"name":"Asamblea General de la Conferencia Religiosa Canadiense (CRC)"}]},{"@type":"WebSite","@id":"https:\/\/augustines.org\/#website","url":"https:\/\/augustines.org\/","name":"La F\u00e9d\u00e9ration - Augustines de la mis\u00e9ricorde de J\u00e9sus","description":"Rassemblement de monast\u00e8res","publisher":{"@id":"https:\/\/augustines.org\/#organization"},"potentialAction":[{"@type":"SearchAction","target":{"@type":"EntryPoint","urlTemplate":"https:\/\/augustines.org\/?s={search_term_string}"},"query-input":{"@type":"PropertyValueSpecification","valueRequired":true,"valueName":"search_term_string"}}],"inLanguage":"es"},{"@type":"Organization","@id":"https:\/\/augustines.org\/#organization","name":"La F\u00e9d\u00e9ration - Augustines de la mis\u00e9ricorde de J\u00e9sus","url":"https:\/\/augustines.org\/","logo":{"@type":"ImageObject","inLanguage":"es","@id":"https:\/\/augustines.org\/#\/schema\/logo\/image\/","url":"https:\/\/augustines.org\/wp-content\/uploads\/2025\/04\/federation-des-augustines-logoweb.jpg","contentUrl":"https:\/\/augustines.org\/wp-content\/uploads\/2025\/04\/federation-des-augustines-logoweb.jpg","width":796,"height":333,"caption":"La F\u00e9d\u00e9ration - Augustines de la mis\u00e9ricorde de J\u00e9sus"},"image":{"@id":"https:\/\/augustines.org\/#\/schema\/logo\/image\/"}},{"@type":"Person","@id":"https:\/\/augustines.org\/#\/schema\/person\/99e7f49441031bce5fcb2071b57f8be3","name":"admin","image":{"@type":"ImageObject","inLanguage":"es","@id":"https:\/\/secure.gravatar.com\/avatar\/e903041729a40b10e116f23cb9c054bc9eb0a238ea71f17a8a36f029139ebaa2?s=96&d=mm&r=g","url":"https:\/\/secure.gravatar.com\/avatar\/e903041729a40b10e116f23cb9c054bc9eb0a238ea71f17a8a36f029139ebaa2?s=96&d=mm&r=g","contentUrl":"https:\/\/secure.gravatar.com\/avatar\/e903041729a40b10e116f23cb9c054bc9eb0a238ea71f17a8a36f029139ebaa2?s=96&d=mm&r=g","caption":"admin"},"sameAs":["https:\/\/augustines.org"],"url":"https:\/\/augustines.org\/es\/author\/helenebouicloud-com\/"}]}},"_links":{"self":[{"href":"https:\/\/augustines.org\/es\/wp-json\/wp\/v2\/posts\/1010","targetHints":{"allow":["GET"]}}],"collection":[{"href":"https:\/\/augustines.org\/es\/wp-json\/wp\/v2\/posts"}],"about":[{"href":"https:\/\/augustines.org\/es\/wp-json\/wp\/v2\/types\/post"}],"author":[{"embeddable":true,"href":"https:\/\/augustines.org\/es\/wp-json\/wp\/v2\/users\/1"}],"replies":[{"embeddable":true,"href":"https:\/\/augustines.org\/es\/wp-json\/wp\/v2\/comments?post=1010"}],"version-history":[{"count":2,"href":"https:\/\/augustines.org\/es\/wp-json\/wp\/v2\/posts\/1010\/revisions"}],"predecessor-version":[{"id":1096,"href":"https:\/\/augustines.org\/es\/wp-json\/wp\/v2\/posts\/1010\/revisions\/1096"}],"wp:featuredmedia":[{"embeddable":true,"href":"https:\/\/augustines.org\/es\/wp-json\/wp\/v2\/media\/1000"}],"wp:attachment":[{"href":"https:\/\/augustines.org\/es\/wp-json\/wp\/v2\/media?parent=1010"}],"wp:term":[{"taxonomy":"category","embeddable":true,"href":"https:\/\/augustines.org\/es\/wp-json\/wp\/v2\/categories?post=1010"},{"taxonomy":"post_tag","embeddable":true,"href":"https:\/\/augustines.org\/es\/wp-json\/wp\/v2\/tags?post=1010"}],"curies":[{"name":"wp","href":"https:\/\/api.w.org\/{rel}","templated":true}]}}