{"id":1098,"date":"2025-06-14T10:20:56","date_gmt":"2025-06-14T14:20:56","guid":{"rendered":"https:\/\/augustines.org\/ano-precapitular-2024-2025\/"},"modified":"2025-06-17T11:13:28","modified_gmt":"2025-06-17T15:13:28","slug":"ano-precapitular-2024-2025","status":"publish","type":"post","link":"https:\/\/augustines.org\/es\/ano-precapitular-2024-2025\/","title":{"rendered":"A\u00f1o precapitular 2024-2025"},"content":{"rendered":"\n\n\t<p>Le chapitre g\u00e9n\u00e9ral des Augustines de la Mis\u00e9ricorde de J\u00e9sus se tiendra du 29 septembre 2025 au 5 octobre 2025. Depuis un an maintenant, les d\u00e9l\u00e9gu\u00e9es nomm\u00e9es par leur communaut\u00e9 se rencontrent pour pr\u00e9parer les futures assisses capitulaires.<\/p>\n<p>Le th\u00e8me de notre chapitre\u00a0: <strong><em>Avancer ensemble dans l&#8217;esp\u00e9rance, enracin\u00e9es dans le Christ<\/em><\/strong><\/p>\n<p>Notre th\u00e8me rejoint aussi celui de l&#8217;Ann\u00e9e jubilaire de l&#8217;\u00c9glise\u00a0: P\u00e8lerins d&#8217;Esp\u00e9rance\u00a0! Pour vivre ces moments, nous nous sommes entour\u00e9es d&#8217;un d\u00e9cor d&#8217;ambiance qui nous rappelle ces deux th\u00e8mes.<\/p>\n<p>Quelques photos prises le 14 juin 2025, nous montrent les d\u00e9l\u00e9gu\u00e9es r\u00e9unies en session de travail pour la neuvi\u00e8me et derni\u00e8re rencontre pr\u00e9paratoire avant le chapitre g\u00e9n\u00e9ral de septembre.<\/p>\n<p>Apparaissent aussi sur les photos\u00a0: S\u0153ur Jacqueline St-Yves, sgm, animatrice et Denis Robitaille, secr\u00e9taire du chapitre.<\/p>\n\t\t\t\t<a\n\t\t\thref=\"https:\/\/augustines.org\/wp-content\/uploads\/2025\/06\/IMG_0909-1024x768.jpg\"\n\t\t\t\t\t\tdata-fancybox=\"images\" \n\t\t\ttitle=\"IMG_0909\" \n\t\t\t\t\t\tdata-caption=\"\"\n\t\t\t\t\t\tdata-description=\"\" \n\t\t\titemprop=\"contentUrl\">\n\t\t\t<img loading=\"lazy\" decoding=\"async\" src=\"https:\/\/augustines.org\/wp-content\/uploads\/2025\/06\/IMG_0909-scaled.jpg\" alt=\"\" data-no-lazy=\"1\" itemprop=\"thumbnail\" width=\"2560\" height=\"1920\" \/>\n\t\t\t<!-- Overlay Wrapper -->\n\t\t\t <!-- Overlay Wrapper Closed -->\n\t\t\t\t<\/a>\n\t\t\t\t\t\t\t<meta itemprop=\"width\" content=\"2560\" \/>\n\t\t\t<meta itemprop=\"height\" content=\"1920\" \/>\n\t\t\t\t<a\n\t\t\thref=\"https:\/\/augustines.org\/wp-content\/uploads\/2025\/06\/Delegues.jpg\"\n\t\t\t\t\t\tdata-fancybox=\"images\" \n\t\t\ttitle=\"Delegues\" \n\t\t\t\t\t\tdata-caption=\"\"\n\t\t\t\t\t\tdata-description=\"\" \n\t\t\titemprop=\"contentUrl\">\n\t\t\t<img loading=\"lazy\" decoding=\"async\" src=\"https:\/\/augustines.org\/wp-content\/uploads\/2025\/06\/Delegues.jpg\" alt=\"\" data-no-lazy=\"1\" itemprop=\"thumbnail\" width=\"640\" height=\"480\" \/>\n\t\t\t<!-- Overlay Wrapper -->\n\t\t\t <!-- Overlay Wrapper Closed -->\n\t\t\t\t<\/a>\n\t\t\t\t\t\t\t<meta itemprop=\"width\" content=\"640\" \/>\n\t\t\t<meta itemprop=\"height\" content=\"480\" \/>\n\t\t\t\t<a\n\t\t\thref=\"https:\/\/augustines.org\/wp-content\/uploads\/2025\/06\/Delegues-avec-animatrice-et-secretaire.jpg\"\n\t\t\t\t\t\tdata-fancybox=\"images\" \n\t\t\ttitle=\"Delegues avec animatrice et secretaire\" \n\t\t\t\t\t\tdata-caption=\"\"\n\t\t\t\t\t\tdata-description=\"\" \n\t\t\titemprop=\"contentUrl\">\n\t\t\t<img loading=\"lazy\" decoding=\"async\" src=\"https:\/\/augustines.org\/wp-content\/uploads\/2025\/06\/Delegues-avec-animatrice-et-secretaire.jpg\" alt=\"\" data-no-lazy=\"1\" itemprop=\"thumbnail\" width=\"640\" height=\"480\" \/>\n\t\t\t<!-- Overlay Wrapper -->\n\t\t\t <!-- Overlay Wrapper Closed -->\n\t\t\t\t<\/a>\n\t\t\t\t\t\t\t<meta itemprop=\"width\" content=\"640\" \/>\n\t\t\t<meta itemprop=\"height\" content=\"480\" \/>\n\t\n","protected":false},"excerpt":{"rendered":"<p>Le chapitre g\u00e9n\u00e9ral des Augustines de la Mis\u00e9ricorde de J\u00e9sus se tiendra du 29 septembre 2025 au 5 octobre 2025. Depuis un an maintenant, les d\u00e9l\u00e9gu\u00e9es nomm\u00e9es par leur communaut\u00e9 se rencontrent pour pr\u00e9parer les futures assisses capitulaires. Le th\u00e8me de notre chapitre\u00a0: Avancer ensemble dans l&#8217;esp\u00e9rance, enracin\u00e9es dans le Christ Notre th\u00e8me rejoint aussi&hellip;<\/p>\n","protected":false},"author":3,"featured_media":1048,"comment_status":"closed","ping_status":"closed","sticky":false,"template":"","format":"standard","meta":{"footnotes":""},"categories":[23],"tags":[],"class_list":["post-1098","post","type-post","status-publish","format-standard","has-post-thumbnail","hentry","category-actualidad"],"yoast_head":"<!-- This site is optimized with the Yoast SEO plugin v27.3 - https:\/\/yoast.com\/product\/yoast-seo-wordpress\/ -->\n<title>A\u00f1o precapitular 2024-2025 - La F\u00e9d\u00e9ration - Augustines de la mis\u00e9ricorde de J\u00e9sus<\/title>\n<meta name=\"robots\" content=\"index, follow, max-snippet:-1, max-image-preview:large, max-video-preview:-1\" \/>\n<link rel=\"canonical\" href=\"https:\/\/augustines.org\/es\/ano-precapitular-2024-2025\/\" \/>\n<meta property=\"og:locale\" content=\"es_ES\" \/>\n<meta property=\"og:type\" content=\"article\" \/>\n<meta property=\"og:title\" content=\"A\u00f1o precapitular 2024-2025 - La F\u00e9d\u00e9ration - Augustines de la mis\u00e9ricorde de J\u00e9sus\" \/>\n<meta property=\"og:description\" content=\"Le chapitre g\u00e9n\u00e9ral des Augustines de la Mis\u00e9ricorde de J\u00e9sus se tiendra du 29 septembre 2025 au 5 octobre 2025. Depuis un an maintenant, les d\u00e9l\u00e9gu\u00e9es nomm\u00e9es par leur communaut\u00e9 se rencontrent pour pr\u00e9parer les futures assisses capitulaires. Le th\u00e8me de notre chapitre\u00a0: Avancer ensemble dans l&#8217;esp\u00e9rance, enracin\u00e9es dans le Christ Notre th\u00e8me rejoint aussi&hellip;\" \/>\n<meta property=\"og:url\" content=\"https:\/\/augustines.org\/es\/ano-precapitular-2024-2025\/\" \/>\n<meta property=\"og:site_name\" content=\"La F\u00e9d\u00e9ration - Augustines de la mis\u00e9ricorde de J\u00e9sus\" \/>\n<meta property=\"article:published_time\" content=\"2025-06-14T14:20:56+00:00\" \/>\n<meta property=\"article:modified_time\" content=\"2025-06-17T15:13:28+00:00\" \/>\n<meta property=\"og:image\" content=\"https:\/\/augustines.org\/wp-content\/uploads\/2025\/06\/Delegues.jpg\" \/>\n\t<meta property=\"og:image:width\" content=\"640\" \/>\n\t<meta property=\"og:image:height\" content=\"480\" \/>\n\t<meta property=\"og:image:type\" content=\"image\/jpeg\" \/>\n<meta name=\"author\" content=\"info.federation@augustines.ca\" \/>\n<meta name=\"twitter:card\" content=\"summary_large_image\" \/>\n<meta name=\"twitter:label1\" content=\"Escrito por\" \/>\n\t<meta name=\"twitter:data1\" content=\"info.federation@augustines.ca\" \/>\n\t<meta name=\"twitter:label2\" content=\"Tiempo de lectura\" \/>\n\t<meta name=\"twitter:data2\" content=\"1 minuto\" \/>\n<script type=\"application\/ld+json\" class=\"yoast-schema-graph\">{\"@context\":\"https:\\\/\\\/schema.org\",\"@graph\":[{\"@type\":\"Article\",\"@id\":\"https:\\\/\\\/augustines.org\\\/es\\\/ano-precapitular-2024-2025\\\/#article\",\"isPartOf\":{\"@id\":\"https:\\\/\\\/augustines.org\\\/es\\\/ano-precapitular-2024-2025\\\/\"},\"author\":{\"name\":\"info.federation@augustines.ca\",\"@id\":\"https:\\\/\\\/augustines.org\\\/#\\\/schema\\\/person\\\/752d2dfa6d2c78c5a13fcc88769580cf\"},\"headline\":\"A\u00f1o precapitular 2024-2025\",\"datePublished\":\"2025-06-14T14:20:56+00:00\",\"dateModified\":\"2025-06-17T15:13:28+00:00\",\"mainEntityOfPage\":{\"@id\":\"https:\\\/\\\/augustines.org\\\/es\\\/ano-precapitular-2024-2025\\\/\"},\"wordCount\":159,\"publisher\":{\"@id\":\"https:\\\/\\\/augustines.org\\\/#organization\"},\"image\":{\"@id\":\"https:\\\/\\\/augustines.org\\\/es\\\/ano-precapitular-2024-2025\\\/#primaryimage\"},\"thumbnailUrl\":\"https:\\\/\\\/augustines.org\\\/wp-content\\\/uploads\\\/2025\\\/06\\\/Delegues.jpg\",\"articleSection\":[\"Actualidad\"],\"inLanguage\":\"es\"},{\"@type\":\"WebPage\",\"@id\":\"https:\\\/\\\/augustines.org\\\/es\\\/ano-precapitular-2024-2025\\\/\",\"url\":\"https:\\\/\\\/augustines.org\\\/es\\\/ano-precapitular-2024-2025\\\/\",\"name\":\"A\u00f1o precapitular 2024-2025 - La F\u00e9d\u00e9ration - Augustines de la mis\u00e9ricorde de J\u00e9sus\",\"isPartOf\":{\"@id\":\"https:\\\/\\\/augustines.org\\\/#website\"},\"primaryImageOfPage\":{\"@id\":\"https:\\\/\\\/augustines.org\\\/es\\\/ano-precapitular-2024-2025\\\/#primaryimage\"},\"image\":{\"@id\":\"https:\\\/\\\/augustines.org\\\/es\\\/ano-precapitular-2024-2025\\\/#primaryimage\"},\"thumbnailUrl\":\"https:\\\/\\\/augustines.org\\\/wp-content\\\/uploads\\\/2025\\\/06\\\/Delegues.jpg\",\"datePublished\":\"2025-06-14T14:20:56+00:00\",\"dateModified\":\"2025-06-17T15:13:28+00:00\",\"breadcrumb\":{\"@id\":\"https:\\\/\\\/augustines.org\\\/es\\\/ano-precapitular-2024-2025\\\/#breadcrumb\"},\"inLanguage\":\"es\",\"potentialAction\":[{\"@type\":\"ReadAction\",\"target\":[\"https:\\\/\\\/augustines.org\\\/es\\\/ano-precapitular-2024-2025\\\/\"]}]},{\"@type\":\"ImageObject\",\"inLanguage\":\"es\",\"@id\":\"https:\\\/\\\/augustines.org\\\/es\\\/ano-precapitular-2024-2025\\\/#primaryimage\",\"url\":\"https:\\\/\\\/augustines.org\\\/wp-content\\\/uploads\\\/2025\\\/06\\\/Delegues.jpg\",\"contentUrl\":\"https:\\\/\\\/augustines.org\\\/wp-content\\\/uploads\\\/2025\\\/06\\\/Delegues.jpg\",\"width\":640,\"height\":480,\"caption\":\"ngxfnx\"},{\"@type\":\"BreadcrumbList\",\"@id\":\"https:\\\/\\\/augustines.org\\\/es\\\/ano-precapitular-2024-2025\\\/#breadcrumb\",\"itemListElement\":[{\"@type\":\"ListItem\",\"position\":1,\"name\":\"Accueil\",\"item\":\"https:\\\/\\\/augustines.org\\\/es\\\/\"},{\"@type\":\"ListItem\",\"position\":2,\"name\":\"A\u00f1o precapitular 2024-2025\"}]},{\"@type\":\"WebSite\",\"@id\":\"https:\\\/\\\/augustines.org\\\/#website\",\"url\":\"https:\\\/\\\/augustines.org\\\/\",\"name\":\"La F\u00e9d\u00e9ration - Augustines de la mis\u00e9ricorde de J\u00e9sus\",\"description\":\"Rassemblement de monast\u00e8res\",\"publisher\":{\"@id\":\"https:\\\/\\\/augustines.org\\\/#organization\"},\"potentialAction\":[{\"@type\":\"SearchAction\",\"target\":{\"@type\":\"EntryPoint\",\"urlTemplate\":\"https:\\\/\\\/augustines.org\\\/?s={search_term_string}\"},\"query-input\":{\"@type\":\"PropertyValueSpecification\",\"valueRequired\":true,\"valueName\":\"search_term_string\"}}],\"inLanguage\":\"es\"},{\"@type\":\"Organization\",\"@id\":\"https:\\\/\\\/augustines.org\\\/#organization\",\"name\":\"La F\u00e9d\u00e9ration - Augustines de la mis\u00e9ricorde de J\u00e9sus\",\"url\":\"https:\\\/\\\/augustines.org\\\/\",\"logo\":{\"@type\":\"ImageObject\",\"inLanguage\":\"es\",\"@id\":\"https:\\\/\\\/augustines.org\\\/#\\\/schema\\\/logo\\\/image\\\/\",\"url\":\"https:\\\/\\\/augustines.org\\\/wp-content\\\/uploads\\\/2025\\\/04\\\/federation-des-augustines-logoweb.jpg\",\"contentUrl\":\"https:\\\/\\\/augustines.org\\\/wp-content\\\/uploads\\\/2025\\\/04\\\/federation-des-augustines-logoweb.jpg\",\"width\":796,\"height\":333,\"caption\":\"La F\u00e9d\u00e9ration - Augustines de la mis\u00e9ricorde de J\u00e9sus\"},\"image\":{\"@id\":\"https:\\\/\\\/augustines.org\\\/#\\\/schema\\\/logo\\\/image\\\/\"}},{\"@type\":\"Person\",\"@id\":\"https:\\\/\\\/augustines.org\\\/#\\\/schema\\\/person\\\/752d2dfa6d2c78c5a13fcc88769580cf\",\"name\":\"info.federation@augustines.ca\",\"image\":{\"@type\":\"ImageObject\",\"inLanguage\":\"es\",\"@id\":\"https:\\\/\\\/secure.gravatar.com\\\/avatar\\\/cc90822e9b515ab506853c72106f643ec2ebad8caf69798948d05883c4e9f13b?s=96&d=mm&r=g\",\"url\":\"https:\\\/\\\/secure.gravatar.com\\\/avatar\\\/cc90822e9b515ab506853c72106f643ec2ebad8caf69798948d05883c4e9f13b?s=96&d=mm&r=g\",\"contentUrl\":\"https:\\\/\\\/secure.gravatar.com\\\/avatar\\\/cc90822e9b515ab506853c72106f643ec2ebad8caf69798948d05883c4e9f13b?s=96&d=mm&r=g\",\"caption\":\"info.federation@augustines.ca\"},\"url\":\"https:\\\/\\\/augustines.org\\\/es\\\/author\\\/info-federationaugustines-ca\\\/\"}]}<\/script>\n<!-- \/ Yoast SEO plugin. -->","yoast_head_json":{"title":"A\u00f1o precapitular 2024-2025 - La F\u00e9d\u00e9ration - Augustines de la mis\u00e9ricorde de J\u00e9sus","robots":{"index":"index","follow":"follow","max-snippet":"max-snippet:-1","max-image-preview":"max-image-preview:large","max-video-preview":"max-video-preview:-1"},"canonical":"https:\/\/augustines.org\/es\/ano-precapitular-2024-2025\/","og_locale":"es_ES","og_type":"article","og_title":"A\u00f1o precapitular 2024-2025 - La F\u00e9d\u00e9ration - Augustines de la mis\u00e9ricorde de J\u00e9sus","og_description":"Le chapitre g\u00e9n\u00e9ral des Augustines de la Mis\u00e9ricorde de J\u00e9sus se tiendra du 29 septembre 2025 au 5 octobre 2025. Depuis un an maintenant, les d\u00e9l\u00e9gu\u00e9es nomm\u00e9es par leur communaut\u00e9 se rencontrent pour pr\u00e9parer les futures assisses capitulaires. Le th\u00e8me de notre chapitre\u00a0: Avancer ensemble dans l&#8217;esp\u00e9rance, enracin\u00e9es dans le Christ Notre th\u00e8me rejoint aussi&hellip;","og_url":"https:\/\/augustines.org\/es\/ano-precapitular-2024-2025\/","og_site_name":"La F\u00e9d\u00e9ration - Augustines de la mis\u00e9ricorde de J\u00e9sus","article_published_time":"2025-06-14T14:20:56+00:00","article_modified_time":"2025-06-17T15:13:28+00:00","og_image":[{"width":640,"height":480,"url":"https:\/\/augustines.org\/wp-content\/uploads\/2025\/06\/Delegues.jpg","type":"image\/jpeg"}],"author":"info.federation@augustines.ca","twitter_card":"summary_large_image","twitter_misc":{"Escrito por":"info.federation@augustines.ca","Tiempo de lectura":"1 minuto"},"schema":{"@context":"https:\/\/schema.org","@graph":[{"@type":"Article","@id":"https:\/\/augustines.org\/es\/ano-precapitular-2024-2025\/#article","isPartOf":{"@id":"https:\/\/augustines.org\/es\/ano-precapitular-2024-2025\/"},"author":{"name":"info.federation@augustines.ca","@id":"https:\/\/augustines.org\/#\/schema\/person\/752d2dfa6d2c78c5a13fcc88769580cf"},"headline":"A\u00f1o precapitular 2024-2025","datePublished":"2025-06-14T14:20:56+00:00","dateModified":"2025-06-17T15:13:28+00:00","mainEntityOfPage":{"@id":"https:\/\/augustines.org\/es\/ano-precapitular-2024-2025\/"},"wordCount":159,"publisher":{"@id":"https:\/\/augustines.org\/#organization"},"image":{"@id":"https:\/\/augustines.org\/es\/ano-precapitular-2024-2025\/#primaryimage"},"thumbnailUrl":"https:\/\/augustines.org\/wp-content\/uploads\/2025\/06\/Delegues.jpg","articleSection":["Actualidad"],"inLanguage":"es"},{"@type":"WebPage","@id":"https:\/\/augustines.org\/es\/ano-precapitular-2024-2025\/","url":"https:\/\/augustines.org\/es\/ano-precapitular-2024-2025\/","name":"A\u00f1o precapitular 2024-2025 - La F\u00e9d\u00e9ration - Augustines de la mis\u00e9ricorde de J\u00e9sus","isPartOf":{"@id":"https:\/\/augustines.org\/#website"},"primaryImageOfPage":{"@id":"https:\/\/augustines.org\/es\/ano-precapitular-2024-2025\/#primaryimage"},"image":{"@id":"https:\/\/augustines.org\/es\/ano-precapitular-2024-2025\/#primaryimage"},"thumbnailUrl":"https:\/\/augustines.org\/wp-content\/uploads\/2025\/06\/Delegues.jpg","datePublished":"2025-06-14T14:20:56+00:00","dateModified":"2025-06-17T15:13:28+00:00","breadcrumb":{"@id":"https:\/\/augustines.org\/es\/ano-precapitular-2024-2025\/#breadcrumb"},"inLanguage":"es","potentialAction":[{"@type":"ReadAction","target":["https:\/\/augustines.org\/es\/ano-precapitular-2024-2025\/"]}]},{"@type":"ImageObject","inLanguage":"es","@id":"https:\/\/augustines.org\/es\/ano-precapitular-2024-2025\/#primaryimage","url":"https:\/\/augustines.org\/wp-content\/uploads\/2025\/06\/Delegues.jpg","contentUrl":"https:\/\/augustines.org\/wp-content\/uploads\/2025\/06\/Delegues.jpg","width":640,"height":480,"caption":"ngxfnx"},{"@type":"BreadcrumbList","@id":"https:\/\/augustines.org\/es\/ano-precapitular-2024-2025\/#breadcrumb","itemListElement":[{"@type":"ListItem","position":1,"name":"Accueil","item":"https:\/\/augustines.org\/es\/"},{"@type":"ListItem","position":2,"name":"A\u00f1o precapitular 2024-2025"}]},{"@type":"WebSite","@id":"https:\/\/augustines.org\/#website","url":"https:\/\/augustines.org\/","name":"La F\u00e9d\u00e9ration - Augustines de la mis\u00e9ricorde de J\u00e9sus","description":"Rassemblement de monast\u00e8res","publisher":{"@id":"https:\/\/augustines.org\/#organization"},"potentialAction":[{"@type":"SearchAction","target":{"@type":"EntryPoint","urlTemplate":"https:\/\/augustines.org\/?s={search_term_string}"},"query-input":{"@type":"PropertyValueSpecification","valueRequired":true,"valueName":"search_term_string"}}],"inLanguage":"es"},{"@type":"Organization","@id":"https:\/\/augustines.org\/#organization","name":"La F\u00e9d\u00e9ration - Augustines de la mis\u00e9ricorde de J\u00e9sus","url":"https:\/\/augustines.org\/","logo":{"@type":"ImageObject","inLanguage":"es","@id":"https:\/\/augustines.org\/#\/schema\/logo\/image\/","url":"https:\/\/augustines.org\/wp-content\/uploads\/2025\/04\/federation-des-augustines-logoweb.jpg","contentUrl":"https:\/\/augustines.org\/wp-content\/uploads\/2025\/04\/federation-des-augustines-logoweb.jpg","width":796,"height":333,"caption":"La F\u00e9d\u00e9ration - Augustines de la mis\u00e9ricorde de J\u00e9sus"},"image":{"@id":"https:\/\/augustines.org\/#\/schema\/logo\/image\/"}},{"@type":"Person","@id":"https:\/\/augustines.org\/#\/schema\/person\/752d2dfa6d2c78c5a13fcc88769580cf","name":"info.federation@augustines.ca","image":{"@type":"ImageObject","inLanguage":"es","@id":"https:\/\/secure.gravatar.com\/avatar\/cc90822e9b515ab506853c72106f643ec2ebad8caf69798948d05883c4e9f13b?s=96&d=mm&r=g","url":"https:\/\/secure.gravatar.com\/avatar\/cc90822e9b515ab506853c72106f643ec2ebad8caf69798948d05883c4e9f13b?s=96&d=mm&r=g","contentUrl":"https:\/\/secure.gravatar.com\/avatar\/cc90822e9b515ab506853c72106f643ec2ebad8caf69798948d05883c4e9f13b?s=96&d=mm&r=g","caption":"info.federation@augustines.ca"},"url":"https:\/\/augustines.org\/es\/author\/info-federationaugustines-ca\/"}]}},"_links":{"self":[{"href":"https:\/\/augustines.org\/es\/wp-json\/wp\/v2\/posts\/1098","targetHints":{"allow":["GET"]}}],"collection":[{"href":"https:\/\/augustines.org\/es\/wp-json\/wp\/v2\/posts"}],"about":[{"href":"https:\/\/augustines.org\/es\/wp-json\/wp\/v2\/types\/post"}],"author":[{"embeddable":true,"href":"https:\/\/augustines.org\/es\/wp-json\/wp\/v2\/users\/3"}],"replies":[{"embeddable":true,"href":"https:\/\/augustines.org\/es\/wp-json\/wp\/v2\/comments?post=1098"}],"version-history":[{"count":2,"href":"https:\/\/augustines.org\/es\/wp-json\/wp\/v2\/posts\/1098\/revisions"}],"predecessor-version":[{"id":1100,"href":"https:\/\/augustines.org\/es\/wp-json\/wp\/v2\/posts\/1098\/revisions\/1100"}],"wp:featuredmedia":[{"embeddable":true,"href":"https:\/\/augustines.org\/es\/wp-json\/wp\/v2\/media\/1048"}],"wp:attachment":[{"href":"https:\/\/augustines.org\/es\/wp-json\/wp\/v2\/media?parent=1098"}],"wp:term":[{"taxonomy":"category","embeddable":true,"href":"https:\/\/augustines.org\/es\/wp-json\/wp\/v2\/categories?post=1098"},{"taxonomy":"post_tag","embeddable":true,"href":"https:\/\/augustines.org\/es\/wp-json\/wp\/v2\/tags?post=1098"}],"curies":[{"name":"wp","href":"https:\/\/api.w.org\/{rel}","templated":true}]}}