{"id":940,"date":"2025-04-24T18:00:24","date_gmt":"2025-04-24T22:00:24","guid":{"rendered":"https:\/\/augustines.org\/ampliacion-de-la-casa-de-las-agustinas-del-paraguay-la-federacion-de-las-agustinas-de-la-misericordia-de-jesus\/"},"modified":"2025-06-17T11:04:38","modified_gmt":"2025-06-17T15:04:38","slug":"ampliacion-de-la-casa-de-las-agustinas-del-paraguay-la-federacion-de-las-agustinas-de-la-misericordia-de-jesus","status":"publish","type":"post","link":"https:\/\/augustines.org\/es\/ampliacion-de-la-casa-de-las-agustinas-del-paraguay-la-federacion-de-las-agustinas-de-la-misericordia-de-jesus\/","title":{"rendered":"Ampliaci\u00f3n de la Casa de las Agustinas del Paraguay \u2013 La Federaci\u00f3n de las Agustinas de la Misericordia de Jes\u00fas"},"content":{"rendered":"\n\n\t\t\t\t<a\n\t\t\thref=\"https:\/\/augustines.org\/wp-content\/uploads\/2025\/04\/Benediction-des-lieux-renoves-1024x1024.jpg\"\n\t\t\t\t\t\tdata-fancybox=\"images\" \n\t\t\ttitle=\"Be\u0301ne\u0301diction-des-lieux-re\u0301nove\u0301s\" \n\t\t\t\t\t\tdata-caption=\"\"\n\t\t\t\t\t\tdata-description=\"\" \n\t\t\titemprop=\"contentUrl\">\n\t\t\t<img loading=\"lazy\" decoding=\"async\" src=\"https:\/\/augustines.org\/wp-content\/uploads\/2025\/04\/Benediction-des-lieux-renoves.jpg\" alt=\"\" data-no-lazy=\"1\" itemprop=\"thumbnail\" width=\"2000\" height=\"2000\" \/>\n\t\t\t<!-- Overlay Wrapper -->\n\t\t\t <!-- Overlay Wrapper Closed -->\n\t\t\t\t<\/a>\n\t\t\t\t\t\t\t<meta itemprop=\"width\" content=\"2000\" \/>\n\t\t\t<meta itemprop=\"height\" content=\"2000\" \/>\n\t\t\t\t<a\n\t\t\thref=\"https:\/\/augustines.org\/wp-content\/uploads\/2025\/04\/Agrandissement-sur-le-cote-de-la-maison-2-1024x1024.jpg\"\n\t\t\t\t\t\tdata-fancybox=\"images\" \n\t\t\ttitle=\"Agrandissement---sur-le-co\u0302te\u0301-de-la-maison-(2)\" \n\t\t\t\t\t\tdata-caption=\"\"\n\t\t\t\t\t\tdata-description=\"\" \n\t\t\titemprop=\"contentUrl\">\n\t\t\t<img loading=\"lazy\" decoding=\"async\" src=\"https:\/\/augustines.org\/wp-content\/uploads\/2025\/04\/Agrandissement-sur-le-cote-de-la-maison-2.jpg\" alt=\"\" data-no-lazy=\"1\" itemprop=\"thumbnail\" width=\"2000\" height=\"2000\" \/>\n\t\t\t<!-- Overlay Wrapper -->\n\t\t\t <!-- Overlay Wrapper Closed -->\n\t\t\t\t<\/a>\n\t\t\t\t\t\t\t<meta itemprop=\"width\" content=\"2000\" \/>\n\t\t\t<meta itemprop=\"height\" content=\"2000\" \/>\n\t\t\t\t<a\n\t\t\thref=\"https:\/\/augustines.org\/wp-content\/uploads\/2025\/04\/Salle-communaute-agrandie-1024x1024.jpg\"\n\t\t\t\t\t\tdata-fancybox=\"images\" \n\t\t\ttitle=\"Salle-communaute\u0301-agrandie\" \n\t\t\t\t\t\tdata-caption=\"\"\n\t\t\t\t\t\tdata-description=\"\" \n\t\t\titemprop=\"contentUrl\">\n\t\t\t<img loading=\"lazy\" decoding=\"async\" src=\"https:\/\/augustines.org\/wp-content\/uploads\/2025\/04\/Salle-communaute-agrandie.jpg\" alt=\"\" data-no-lazy=\"1\" itemprop=\"thumbnail\" width=\"2000\" height=\"2000\" \/>\n\t\t\t<!-- Overlay Wrapper -->\n\t\t\t <!-- Overlay Wrapper Closed -->\n\t\t\t\t<\/a>\n\t\t\t\t\t\t\t<meta itemprop=\"width\" content=\"2000\" \/>\n\t\t\t<meta itemprop=\"height\" content=\"2000\" \/>\n\t\t\t\t<a\n\t\t\thref=\"https:\/\/augustines.org\/wp-content\/uploads\/2025\/04\/Agrandissement-de-lentree-principale-de-la-communaute-1024x576.jpg\"\n\t\t\t\t\t\tdata-fancybox=\"images\" \n\t\t\ttitle=\"Agrandissement-de-l&#039;entre\u0301e-principale-de-la-communaute\u0301\" \n\t\t\t\t\t\tdata-caption=\"\"\n\t\t\t\t\t\tdata-description=\"\" \n\t\t\titemprop=\"contentUrl\">\n\t\t\t<img loading=\"lazy\" decoding=\"async\" src=\"https:\/\/augustines.org\/wp-content\/uploads\/2025\/04\/Agrandissement-de-lentree-principale-de-la-communaute.jpg\" alt=\"\" data-no-lazy=\"1\" itemprop=\"thumbnail\" width=\"2000\" height=\"1125\" \/>\n\t\t\t<!-- Overlay Wrapper -->\n\t\t\t <!-- Overlay Wrapper Closed -->\n\t\t\t\t<\/a>\n\t\t\t\t\t\t\t<meta itemprop=\"width\" content=\"2000\" \/>\n\t\t\t<meta itemprop=\"height\" content=\"1125\" \/>\n\t\t\t\t<a\n\t\t\thref=\"https:\/\/augustines.org\/wp-content\/uploads\/2025\/04\/Agrandissement-de-la-cuisine-22-1024x1024.jpg\"\n\t\t\t\t\t\tdata-fancybox=\"images\" \n\t\t\ttitle=\"Agrandissement-de-la-cuisine-(2)(2)\" \n\t\t\t\t\t\tdata-caption=\"\"\n\t\t\t\t\t\tdata-description=\"\" \n\t\t\titemprop=\"contentUrl\">\n\t\t\t<img loading=\"lazy\" decoding=\"async\" src=\"https:\/\/augustines.org\/wp-content\/uploads\/2025\/04\/Agrandissement-de-la-cuisine-22.jpg\" alt=\"\" data-no-lazy=\"1\" itemprop=\"thumbnail\" width=\"2000\" height=\"2000\" \/>\n\t\t\t<!-- Overlay Wrapper -->\n\t\t\t <!-- Overlay Wrapper Closed -->\n\t\t\t\t<\/a>\n\t\t\t\t\t\t\t<meta itemprop=\"width\" content=\"2000\" \/>\n\t\t\t<meta itemprop=\"height\" content=\"2000\" \/>\n\t\t\t\t<a\n\t\t\thref=\"https:\/\/augustines.org\/wp-content\/uploads\/2025\/04\/Agrandissement-de-la-cuisine.-jpg-2-1024x1024.jpg\"\n\t\t\t\t\t\tdata-fancybox=\"images\" \n\t\t\ttitle=\"Agrandissement-de-la-cuisine.-jpg-(2)\" \n\t\t\t\t\t\tdata-caption=\"\"\n\t\t\t\t\t\tdata-description=\"\" \n\t\t\titemprop=\"contentUrl\">\n\t\t\t<img loading=\"lazy\" decoding=\"async\" src=\"https:\/\/augustines.org\/wp-content\/uploads\/2025\/04\/Agrandissement-de-la-cuisine.-jpg-2.jpg\" alt=\"\" data-no-lazy=\"1\" itemprop=\"thumbnail\" width=\"2000\" height=\"2000\" \/>\n\t\t\t<!-- Overlay Wrapper -->\n\t\t\t <!-- Overlay Wrapper Closed -->\n\t\t\t\t<\/a>\n\t\t\t\t\t\t\t<meta itemprop=\"width\" content=\"2000\" \/>\n\t\t\t<meta itemprop=\"height\" content=\"2000\" \/>\n\t\t\t\t<a\n\t\t\thref=\"https:\/\/augustines.org\/wp-content\/uploads\/2025\/04\/La-communaute-inaugure-leur-nouveau-refectoire-1024x1024.jpg\"\n\t\t\t\t\t\tdata-fancybox=\"images\" \n\t\t\ttitle=\"La-communaute\u0301-inaugure-leur-nouveau-re\u0301fectoire\" \n\t\t\t\t\t\tdata-caption=\"\"\n\t\t\t\t\t\tdata-description=\"\" \n\t\t\titemprop=\"contentUrl\">\n\t\t\t<img loading=\"lazy\" decoding=\"async\" src=\"https:\/\/augustines.org\/wp-content\/uploads\/2025\/04\/La-communaute-inaugure-leur-nouveau-refectoire.jpg\" alt=\"\" data-no-lazy=\"1\" itemprop=\"thumbnail\" width=\"2000\" height=\"2000\" \/>\n\t\t\t<!-- Overlay Wrapper -->\n\t\t\t <!-- Overlay Wrapper Closed -->\n\t\t\t\t<\/a>\n\t\t\t\t\t\t\t<meta itemprop=\"width\" content=\"2000\" \/>\n\t\t\t<meta itemprop=\"height\" content=\"2000\" \/>\n\t\t\t\t<a\n\t\t\thref=\"https:\/\/augustines.org\/wp-content\/uploads\/2025\/04\/Autre-vue-du-nouveau-refectoire-de-la-communaute-1024x768.jpg\"\n\t\t\t\t\t\tdata-fancybox=\"images\" \n\t\t\ttitle=\"Autre-vue-du-nouveau-re\u0301fectoire-de-la-communaute\u0301\" \n\t\t\t\t\t\tdata-caption=\"\"\n\t\t\t\t\t\tdata-description=\"\" \n\t\t\titemprop=\"contentUrl\">\n\t\t\t<img loading=\"lazy\" decoding=\"async\" src=\"https:\/\/augustines.org\/wp-content\/uploads\/2025\/04\/Autre-vue-du-nouveau-refectoire-de-la-communaute-scaled.jpg\" alt=\"\" data-no-lazy=\"1\" itemprop=\"thumbnail\" width=\"2560\" height=\"1920\" \/>\n\t\t\t<!-- Overlay Wrapper -->\n\t\t\t <!-- Overlay Wrapper Closed -->\n\t\t\t\t<\/a>\n\t\t\t\t\t\t\t<meta itemprop=\"width\" content=\"2560\" \/>\n\t\t\t<meta itemprop=\"height\" content=\"1920\" \/>\n\t\t\t\t<a\n\t\t\thref=\"https:\/\/augustines.org\/wp-content\/uploads\/2025\/04\/Communaute-reunie-dans-la-grande-salle-entree-1024x1024.jpg\"\n\t\t\t\t\t\tdata-fancybox=\"images\" \n\t\t\ttitle=\"Communaute\u0301-re\u0301unie-dans-la-grande-salle-entre\u0301e\" \n\t\t\t\t\t\tdata-caption=\"\"\n\t\t\t\t\t\tdata-description=\"\" \n\t\t\titemprop=\"contentUrl\">\n\t\t\t<img loading=\"lazy\" decoding=\"async\" src=\"https:\/\/augustines.org\/wp-content\/uploads\/2025\/04\/Communaute-reunie-dans-la-grande-salle-entree.jpg\" alt=\"\" data-no-lazy=\"1\" itemprop=\"thumbnail\" width=\"2000\" height=\"2000\" \/>\n\t\t\t<!-- Overlay Wrapper -->\n\t\t\t <!-- Overlay Wrapper Closed -->\n\t\t\t\t<\/a>\n\t\t\t\t\t\t\t<meta itemprop=\"width\" content=\"2000\" \/>\n\t\t\t<meta itemprop=\"height\" content=\"2000\" \/>\n\t\t\t\t<a\n\t\t\thref=\"https:\/\/augustines.org\/wp-content\/uploads\/2025\/04\/Grande-salle-de-rencontre-au-dessus-de-la-clinique-de-physiotherapie-768x1024.jpg\"\n\t\t\t\t\t\tdata-fancybox=\"images\" \n\t\t\ttitle=\"Grande-salle-de-rencontre-au-dessus-de-la-clinique-de-physiothe\u0301rapie\" \n\t\t\t\t\t\tdata-caption=\"\"\n\t\t\t\t\t\tdata-description=\"\" \n\t\t\titemprop=\"contentUrl\">\n\t\t\t<img loading=\"lazy\" decoding=\"async\" src=\"https:\/\/augustines.org\/wp-content\/uploads\/2025\/04\/Grande-salle-de-rencontre-au-dessus-de-la-clinique-de-physiotherapie.jpg\" alt=\"\" data-no-lazy=\"1\" itemprop=\"thumbnail\" width=\"1500\" height=\"2000\" \/>\n\t\t\t<!-- Overlay Wrapper -->\n\t\t\t <!-- Overlay Wrapper Closed -->\n\t\t\t\t<\/a>\n\t\t\t\t\t\t\t<meta itemprop=\"width\" content=\"1500\" \/>\n\t\t\t<meta itemprop=\"height\" content=\"2000\" \/>\n\t\t\t\t<a\n\t\t\thref=\"https:\/\/augustines.org\/wp-content\/uploads\/2025\/04\/Voeux-de-Noel-2024-de-la-Communaute-reunie-a-Coronel-Ovideo--1024x1024.jpg\"\n\t\t\t\t\t\tdata-fancybox=\"images\" \n\t\t\ttitle=\"Voeux-de-Noe\u0308l-2024-de-la-Communaute\u0301--re\u0301unie-a\u0300-Coronel-Ovideo--\" \n\t\t\t\t\t\tdata-caption=\"\"\n\t\t\t\t\t\tdata-description=\"\" \n\t\t\titemprop=\"contentUrl\">\n\t\t\t<img loading=\"lazy\" decoding=\"async\" src=\"https:\/\/augustines.org\/wp-content\/uploads\/2025\/04\/Voeux-de-Noel-2024-de-la-Communaute-reunie-a-Coronel-Ovideo-.jpg\" alt=\"\" data-no-lazy=\"1\" itemprop=\"thumbnail\" width=\"2000\" height=\"2000\" \/>\n\t\t\t<!-- Overlay Wrapper -->\n\t\t\t <!-- Overlay Wrapper Closed -->\n\t\t\t\t<\/a>\n\t\t\t\t\t\t\t<meta itemprop=\"width\" content=\"2000\" \/>\n\t\t\t<meta itemprop=\"height\" content=\"2000\" \/>\n\t\t\t\t<a\n\t\t\thref=\"https:\/\/augustines.org\/wp-content\/uploads\/2025\/05\/IMG_5722-low-1024x768.jpg\"\n\t\t\t\t\t\tdata-fancybox=\"images\" \n\t\t\ttitle=\"IMG_5722-low\" \n\t\t\t\t\t\tdata-caption=\"\"\n\t\t\t\t\t\tdata-description=\"\" \n\t\t\titemprop=\"contentUrl\">\n\t\t\t<img loading=\"lazy\" decoding=\"async\" src=\"https:\/\/augustines.org\/wp-content\/uploads\/2025\/05\/IMG_5722-low.jpg\" alt=\"\" data-no-lazy=\"1\" itemprop=\"thumbnail\" width=\"1500\" height=\"1125\" \/>\n\t\t\t<!-- Overlay Wrapper -->\n\t\t\t <!-- Overlay Wrapper Closed -->\n\t\t\t\t<\/a>\n\t\t\t\t\t\t\t<meta itemprop=\"width\" content=\"1500\" \/>\n\t\t\t<meta itemprop=\"height\" content=\"1125\" \/>\n\t\n","protected":false},"excerpt":{"rendered":"","protected":false},"author":1,"featured_media":660,"comment_status":"closed","ping_status":"closed","sticky":false,"template":"","format":"standard","meta":{"footnotes":""},"categories":[25],"tags":[],"class_list":["post-940","post","type-post","status-publish","format-standard","has-post-thumbnail","hentry","category-paraguay-es"],"yoast_head":"<!-- This site is optimized with the Yoast SEO plugin v27.3 - https:\/\/yoast.com\/product\/yoast-seo-wordpress\/ -->\n<title>Ampliaci\u00f3n de la Casa de las Agustinas del Paraguay \u2013 La Federaci\u00f3n de las Agustinas de la Misericordia de Jes\u00fas - La F\u00e9d\u00e9ration - Augustines de la mis\u00e9ricorde de J\u00e9sus<\/title>\n<meta name=\"robots\" content=\"index, follow, max-snippet:-1, max-image-preview:large, max-video-preview:-1\" \/>\n<link rel=\"canonical\" href=\"https:\/\/augustines.org\/es\/ampliacion-de-la-casa-de-las-agustinas-del-paraguay-la-federacion-de-las-agustinas-de-la-misericordia-de-jesus\/\" \/>\n<meta property=\"og:locale\" content=\"es_ES\" \/>\n<meta property=\"og:type\" content=\"article\" \/>\n<meta property=\"og:title\" content=\"Ampliaci\u00f3n de la Casa de las Agustinas del Paraguay \u2013 La Federaci\u00f3n de las Agustinas de la Misericordia de Jes\u00fas - La F\u00e9d\u00e9ration - Augustines de la mis\u00e9ricorde de J\u00e9sus\" \/>\n<meta property=\"og:url\" content=\"https:\/\/augustines.org\/es\/ampliacion-de-la-casa-de-las-agustinas-del-paraguay-la-federacion-de-las-agustinas-de-la-misericordia-de-jesus\/\" \/>\n<meta property=\"og:site_name\" content=\"La F\u00e9d\u00e9ration - Augustines de la mis\u00e9ricorde de J\u00e9sus\" \/>\n<meta property=\"article:published_time\" content=\"2025-04-24T22:00:24+00:00\" \/>\n<meta property=\"article:modified_time\" content=\"2025-06-17T15:04:38+00:00\" \/>\n<meta property=\"og:image\" content=\"https:\/\/augustines.org\/wp-content\/uploads\/2025\/04\/Communaute-reunie-dans-la-grande-salle-entree.jpg\" \/>\n\t<meta property=\"og:image:width\" content=\"2000\" \/>\n\t<meta property=\"og:image:height\" content=\"2000\" \/>\n\t<meta property=\"og:image:type\" content=\"image\/jpeg\" \/>\n<meta name=\"author\" content=\"admin\" \/>\n<meta name=\"twitter:card\" content=\"summary_large_image\" \/>\n<meta name=\"twitter:label1\" content=\"Escrito por\" \/>\n\t<meta name=\"twitter:data1\" content=\"admin\" \/>\n<script type=\"application\/ld+json\" class=\"yoast-schema-graph\">{\"@context\":\"https:\\\/\\\/schema.org\",\"@graph\":[{\"@type\":\"Article\",\"@id\":\"https:\\\/\\\/augustines.org\\\/es\\\/ampliacion-de-la-casa-de-las-agustinas-del-paraguay-la-federacion-de-las-agustinas-de-la-misericordia-de-jesus\\\/#article\",\"isPartOf\":{\"@id\":\"https:\\\/\\\/augustines.org\\\/es\\\/ampliacion-de-la-casa-de-las-agustinas-del-paraguay-la-federacion-de-las-agustinas-de-la-misericordia-de-jesus\\\/\"},\"author\":{\"name\":\"admin\",\"@id\":\"https:\\\/\\\/augustines.org\\\/#\\\/schema\\\/person\\\/99e7f49441031bce5fcb2071b57f8be3\"},\"headline\":\"Ampliaci\u00f3n de la Casa de las Agustinas del Paraguay \u2013 La Federaci\u00f3n de las Agustinas de la Misericordia de Jes\u00fas\",\"datePublished\":\"2025-04-24T22:00:24+00:00\",\"dateModified\":\"2025-06-17T15:04:38+00:00\",\"mainEntityOfPage\":{\"@id\":\"https:\\\/\\\/augustines.org\\\/es\\\/ampliacion-de-la-casa-de-las-agustinas-del-paraguay-la-federacion-de-las-agustinas-de-la-misericordia-de-jesus\\\/\"},\"wordCount\":22,\"publisher\":{\"@id\":\"https:\\\/\\\/augustines.org\\\/#organization\"},\"image\":{\"@id\":\"https:\\\/\\\/augustines.org\\\/es\\\/ampliacion-de-la-casa-de-las-agustinas-del-paraguay-la-federacion-de-las-agustinas-de-la-misericordia-de-jesus\\\/#primaryimage\"},\"thumbnailUrl\":\"https:\\\/\\\/augustines.org\\\/wp-content\\\/uploads\\\/2025\\\/04\\\/Communaute-reunie-dans-la-grande-salle-entree.jpg\",\"articleSection\":[\"Paraguay\"],\"inLanguage\":\"es\"},{\"@type\":\"WebPage\",\"@id\":\"https:\\\/\\\/augustines.org\\\/es\\\/ampliacion-de-la-casa-de-las-agustinas-del-paraguay-la-federacion-de-las-agustinas-de-la-misericordia-de-jesus\\\/\",\"url\":\"https:\\\/\\\/augustines.org\\\/es\\\/ampliacion-de-la-casa-de-las-agustinas-del-paraguay-la-federacion-de-las-agustinas-de-la-misericordia-de-jesus\\\/\",\"name\":\"Ampliaci\u00f3n de la Casa de las Agustinas del Paraguay \u2013 La Federaci\u00f3n de las Agustinas de la Misericordia de Jes\u00fas - La F\u00e9d\u00e9ration - Augustines de la mis\u00e9ricorde de J\u00e9sus\",\"isPartOf\":{\"@id\":\"https:\\\/\\\/augustines.org\\\/#website\"},\"primaryImageOfPage\":{\"@id\":\"https:\\\/\\\/augustines.org\\\/es\\\/ampliacion-de-la-casa-de-las-agustinas-del-paraguay-la-federacion-de-las-agustinas-de-la-misericordia-de-jesus\\\/#primaryimage\"},\"image\":{\"@id\":\"https:\\\/\\\/augustines.org\\\/es\\\/ampliacion-de-la-casa-de-las-agustinas-del-paraguay-la-federacion-de-las-agustinas-de-la-misericordia-de-jesus\\\/#primaryimage\"},\"thumbnailUrl\":\"https:\\\/\\\/augustines.org\\\/wp-content\\\/uploads\\\/2025\\\/04\\\/Communaute-reunie-dans-la-grande-salle-entree.jpg\",\"datePublished\":\"2025-04-24T22:00:24+00:00\",\"dateModified\":\"2025-06-17T15:04:38+00:00\",\"breadcrumb\":{\"@id\":\"https:\\\/\\\/augustines.org\\\/es\\\/ampliacion-de-la-casa-de-las-agustinas-del-paraguay-la-federacion-de-las-agustinas-de-la-misericordia-de-jesus\\\/#breadcrumb\"},\"inLanguage\":\"es\",\"potentialAction\":[{\"@type\":\"ReadAction\",\"target\":[\"https:\\\/\\\/augustines.org\\\/es\\\/ampliacion-de-la-casa-de-las-agustinas-del-paraguay-la-federacion-de-las-agustinas-de-la-misericordia-de-jesus\\\/\"]}]},{\"@type\":\"ImageObject\",\"inLanguage\":\"es\",\"@id\":\"https:\\\/\\\/augustines.org\\\/es\\\/ampliacion-de-la-casa-de-las-agustinas-del-paraguay-la-federacion-de-las-agustinas-de-la-misericordia-de-jesus\\\/#primaryimage\",\"url\":\"https:\\\/\\\/augustines.org\\\/wp-content\\\/uploads\\\/2025\\\/04\\\/Communaute-reunie-dans-la-grande-salle-entree.jpg\",\"contentUrl\":\"https:\\\/\\\/augustines.org\\\/wp-content\\\/uploads\\\/2025\\\/04\\\/Communaute-reunie-dans-la-grande-salle-entree.jpg\",\"width\":2000,\"height\":2000},{\"@type\":\"BreadcrumbList\",\"@id\":\"https:\\\/\\\/augustines.org\\\/es\\\/ampliacion-de-la-casa-de-las-agustinas-del-paraguay-la-federacion-de-las-agustinas-de-la-misericordia-de-jesus\\\/#breadcrumb\",\"itemListElement\":[{\"@type\":\"ListItem\",\"position\":1,\"name\":\"Accueil\",\"item\":\"https:\\\/\\\/augustines.org\\\/es\\\/\"},{\"@type\":\"ListItem\",\"position\":2,\"name\":\"Ampliaci\u00f3n de la Casa de las Agustinas del Paraguay \u2013 La Federaci\u00f3n de las Agustinas de la Misericordia de Jes\u00fas\"}]},{\"@type\":\"WebSite\",\"@id\":\"https:\\\/\\\/augustines.org\\\/#website\",\"url\":\"https:\\\/\\\/augustines.org\\\/\",\"name\":\"La F\u00e9d\u00e9ration - Augustines de la mis\u00e9ricorde de J\u00e9sus\",\"description\":\"Rassemblement de monast\u00e8res\",\"publisher\":{\"@id\":\"https:\\\/\\\/augustines.org\\\/#organization\"},\"potentialAction\":[{\"@type\":\"SearchAction\",\"target\":{\"@type\":\"EntryPoint\",\"urlTemplate\":\"https:\\\/\\\/augustines.org\\\/?s={search_term_string}\"},\"query-input\":{\"@type\":\"PropertyValueSpecification\",\"valueRequired\":true,\"valueName\":\"search_term_string\"}}],\"inLanguage\":\"es\"},{\"@type\":\"Organization\",\"@id\":\"https:\\\/\\\/augustines.org\\\/#organization\",\"name\":\"La F\u00e9d\u00e9ration - Augustines de la mis\u00e9ricorde de J\u00e9sus\",\"url\":\"https:\\\/\\\/augustines.org\\\/\",\"logo\":{\"@type\":\"ImageObject\",\"inLanguage\":\"es\",\"@id\":\"https:\\\/\\\/augustines.org\\\/#\\\/schema\\\/logo\\\/image\\\/\",\"url\":\"https:\\\/\\\/augustines.org\\\/wp-content\\\/uploads\\\/2025\\\/04\\\/federation-des-augustines-logoweb.jpg\",\"contentUrl\":\"https:\\\/\\\/augustines.org\\\/wp-content\\\/uploads\\\/2025\\\/04\\\/federation-des-augustines-logoweb.jpg\",\"width\":796,\"height\":333,\"caption\":\"La F\u00e9d\u00e9ration - Augustines de la mis\u00e9ricorde de J\u00e9sus\"},\"image\":{\"@id\":\"https:\\\/\\\/augustines.org\\\/#\\\/schema\\\/logo\\\/image\\\/\"}},{\"@type\":\"Person\",\"@id\":\"https:\\\/\\\/augustines.org\\\/#\\\/schema\\\/person\\\/99e7f49441031bce5fcb2071b57f8be3\",\"name\":\"admin\",\"image\":{\"@type\":\"ImageObject\",\"inLanguage\":\"es\",\"@id\":\"https:\\\/\\\/secure.gravatar.com\\\/avatar\\\/e903041729a40b10e116f23cb9c054bc9eb0a238ea71f17a8a36f029139ebaa2?s=96&d=mm&r=g\",\"url\":\"https:\\\/\\\/secure.gravatar.com\\\/avatar\\\/e903041729a40b10e116f23cb9c054bc9eb0a238ea71f17a8a36f029139ebaa2?s=96&d=mm&r=g\",\"contentUrl\":\"https:\\\/\\\/secure.gravatar.com\\\/avatar\\\/e903041729a40b10e116f23cb9c054bc9eb0a238ea71f17a8a36f029139ebaa2?s=96&d=mm&r=g\",\"caption\":\"admin\"},\"sameAs\":[\"https:\\\/\\\/augustines.org\"],\"url\":\"https:\\\/\\\/augustines.org\\\/es\\\/author\\\/helenebouicloud-com\\\/\"}]}<\/script>\n<!-- \/ Yoast SEO plugin. -->","yoast_head_json":{"title":"Ampliaci\u00f3n de la Casa de las Agustinas del Paraguay \u2013 La Federaci\u00f3n de las Agustinas de la Misericordia de Jes\u00fas - La F\u00e9d\u00e9ration - Augustines de la mis\u00e9ricorde de J\u00e9sus","robots":{"index":"index","follow":"follow","max-snippet":"max-snippet:-1","max-image-preview":"max-image-preview:large","max-video-preview":"max-video-preview:-1"},"canonical":"https:\/\/augustines.org\/es\/ampliacion-de-la-casa-de-las-agustinas-del-paraguay-la-federacion-de-las-agustinas-de-la-misericordia-de-jesus\/","og_locale":"es_ES","og_type":"article","og_title":"Ampliaci\u00f3n de la Casa de las Agustinas del Paraguay \u2013 La Federaci\u00f3n de las Agustinas de la Misericordia de Jes\u00fas - La F\u00e9d\u00e9ration - Augustines de la mis\u00e9ricorde de J\u00e9sus","og_url":"https:\/\/augustines.org\/es\/ampliacion-de-la-casa-de-las-agustinas-del-paraguay-la-federacion-de-las-agustinas-de-la-misericordia-de-jesus\/","og_site_name":"La F\u00e9d\u00e9ration - Augustines de la mis\u00e9ricorde de J\u00e9sus","article_published_time":"2025-04-24T22:00:24+00:00","article_modified_time":"2025-06-17T15:04:38+00:00","og_image":[{"width":2000,"height":2000,"url":"https:\/\/augustines.org\/wp-content\/uploads\/2025\/04\/Communaute-reunie-dans-la-grande-salle-entree.jpg","type":"image\/jpeg"}],"author":"admin","twitter_card":"summary_large_image","twitter_misc":{"Escrito por":"admin"},"schema":{"@context":"https:\/\/schema.org","@graph":[{"@type":"Article","@id":"https:\/\/augustines.org\/es\/ampliacion-de-la-casa-de-las-agustinas-del-paraguay-la-federacion-de-las-agustinas-de-la-misericordia-de-jesus\/#article","isPartOf":{"@id":"https:\/\/augustines.org\/es\/ampliacion-de-la-casa-de-las-agustinas-del-paraguay-la-federacion-de-las-agustinas-de-la-misericordia-de-jesus\/"},"author":{"name":"admin","@id":"https:\/\/augustines.org\/#\/schema\/person\/99e7f49441031bce5fcb2071b57f8be3"},"headline":"Ampliaci\u00f3n de la Casa de las Agustinas del Paraguay \u2013 La Federaci\u00f3n de las Agustinas de la Misericordia de Jes\u00fas","datePublished":"2025-04-24T22:00:24+00:00","dateModified":"2025-06-17T15:04:38+00:00","mainEntityOfPage":{"@id":"https:\/\/augustines.org\/es\/ampliacion-de-la-casa-de-las-agustinas-del-paraguay-la-federacion-de-las-agustinas-de-la-misericordia-de-jesus\/"},"wordCount":22,"publisher":{"@id":"https:\/\/augustines.org\/#organization"},"image":{"@id":"https:\/\/augustines.org\/es\/ampliacion-de-la-casa-de-las-agustinas-del-paraguay-la-federacion-de-las-agustinas-de-la-misericordia-de-jesus\/#primaryimage"},"thumbnailUrl":"https:\/\/augustines.org\/wp-content\/uploads\/2025\/04\/Communaute-reunie-dans-la-grande-salle-entree.jpg","articleSection":["Paraguay"],"inLanguage":"es"},{"@type":"WebPage","@id":"https:\/\/augustines.org\/es\/ampliacion-de-la-casa-de-las-agustinas-del-paraguay-la-federacion-de-las-agustinas-de-la-misericordia-de-jesus\/","url":"https:\/\/augustines.org\/es\/ampliacion-de-la-casa-de-las-agustinas-del-paraguay-la-federacion-de-las-agustinas-de-la-misericordia-de-jesus\/","name":"Ampliaci\u00f3n de la Casa de las Agustinas del Paraguay \u2013 La Federaci\u00f3n de las Agustinas de la Misericordia de Jes\u00fas - La F\u00e9d\u00e9ration - Augustines de la mis\u00e9ricorde de J\u00e9sus","isPartOf":{"@id":"https:\/\/augustines.org\/#website"},"primaryImageOfPage":{"@id":"https:\/\/augustines.org\/es\/ampliacion-de-la-casa-de-las-agustinas-del-paraguay-la-federacion-de-las-agustinas-de-la-misericordia-de-jesus\/#primaryimage"},"image":{"@id":"https:\/\/augustines.org\/es\/ampliacion-de-la-casa-de-las-agustinas-del-paraguay-la-federacion-de-las-agustinas-de-la-misericordia-de-jesus\/#primaryimage"},"thumbnailUrl":"https:\/\/augustines.org\/wp-content\/uploads\/2025\/04\/Communaute-reunie-dans-la-grande-salle-entree.jpg","datePublished":"2025-04-24T22:00:24+00:00","dateModified":"2025-06-17T15:04:38+00:00","breadcrumb":{"@id":"https:\/\/augustines.org\/es\/ampliacion-de-la-casa-de-las-agustinas-del-paraguay-la-federacion-de-las-agustinas-de-la-misericordia-de-jesus\/#breadcrumb"},"inLanguage":"es","potentialAction":[{"@type":"ReadAction","target":["https:\/\/augustines.org\/es\/ampliacion-de-la-casa-de-las-agustinas-del-paraguay-la-federacion-de-las-agustinas-de-la-misericordia-de-jesus\/"]}]},{"@type":"ImageObject","inLanguage":"es","@id":"https:\/\/augustines.org\/es\/ampliacion-de-la-casa-de-las-agustinas-del-paraguay-la-federacion-de-las-agustinas-de-la-misericordia-de-jesus\/#primaryimage","url":"https:\/\/augustines.org\/wp-content\/uploads\/2025\/04\/Communaute-reunie-dans-la-grande-salle-entree.jpg","contentUrl":"https:\/\/augustines.org\/wp-content\/uploads\/2025\/04\/Communaute-reunie-dans-la-grande-salle-entree.jpg","width":2000,"height":2000},{"@type":"BreadcrumbList","@id":"https:\/\/augustines.org\/es\/ampliacion-de-la-casa-de-las-agustinas-del-paraguay-la-federacion-de-las-agustinas-de-la-misericordia-de-jesus\/#breadcrumb","itemListElement":[{"@type":"ListItem","position":1,"name":"Accueil","item":"https:\/\/augustines.org\/es\/"},{"@type":"ListItem","position":2,"name":"Ampliaci\u00f3n de la Casa de las Agustinas del Paraguay \u2013 La Federaci\u00f3n de las Agustinas de la Misericordia de Jes\u00fas"}]},{"@type":"WebSite","@id":"https:\/\/augustines.org\/#website","url":"https:\/\/augustines.org\/","name":"La F\u00e9d\u00e9ration - Augustines de la mis\u00e9ricorde de J\u00e9sus","description":"Rassemblement de monast\u00e8res","publisher":{"@id":"https:\/\/augustines.org\/#organization"},"potentialAction":[{"@type":"SearchAction","target":{"@type":"EntryPoint","urlTemplate":"https:\/\/augustines.org\/?s={search_term_string}"},"query-input":{"@type":"PropertyValueSpecification","valueRequired":true,"valueName":"search_term_string"}}],"inLanguage":"es"},{"@type":"Organization","@id":"https:\/\/augustines.org\/#organization","name":"La F\u00e9d\u00e9ration - Augustines de la mis\u00e9ricorde de J\u00e9sus","url":"https:\/\/augustines.org\/","logo":{"@type":"ImageObject","inLanguage":"es","@id":"https:\/\/augustines.org\/#\/schema\/logo\/image\/","url":"https:\/\/augustines.org\/wp-content\/uploads\/2025\/04\/federation-des-augustines-logoweb.jpg","contentUrl":"https:\/\/augustines.org\/wp-content\/uploads\/2025\/04\/federation-des-augustines-logoweb.jpg","width":796,"height":333,"caption":"La F\u00e9d\u00e9ration - Augustines de la mis\u00e9ricorde de J\u00e9sus"},"image":{"@id":"https:\/\/augustines.org\/#\/schema\/logo\/image\/"}},{"@type":"Person","@id":"https:\/\/augustines.org\/#\/schema\/person\/99e7f49441031bce5fcb2071b57f8be3","name":"admin","image":{"@type":"ImageObject","inLanguage":"es","@id":"https:\/\/secure.gravatar.com\/avatar\/e903041729a40b10e116f23cb9c054bc9eb0a238ea71f17a8a36f029139ebaa2?s=96&d=mm&r=g","url":"https:\/\/secure.gravatar.com\/avatar\/e903041729a40b10e116f23cb9c054bc9eb0a238ea71f17a8a36f029139ebaa2?s=96&d=mm&r=g","contentUrl":"https:\/\/secure.gravatar.com\/avatar\/e903041729a40b10e116f23cb9c054bc9eb0a238ea71f17a8a36f029139ebaa2?s=96&d=mm&r=g","caption":"admin"},"sameAs":["https:\/\/augustines.org"],"url":"https:\/\/augustines.org\/es\/author\/helenebouicloud-com\/"}]}},"_links":{"self":[{"href":"https:\/\/augustines.org\/es\/wp-json\/wp\/v2\/posts\/940","targetHints":{"allow":["GET"]}}],"collection":[{"href":"https:\/\/augustines.org\/es\/wp-json\/wp\/v2\/posts"}],"about":[{"href":"https:\/\/augustines.org\/es\/wp-json\/wp\/v2\/types\/post"}],"author":[{"embeddable":true,"href":"https:\/\/augustines.org\/es\/wp-json\/wp\/v2\/users\/1"}],"replies":[{"embeddable":true,"href":"https:\/\/augustines.org\/es\/wp-json\/wp\/v2\/comments?post=940"}],"version-history":[{"count":2,"href":"https:\/\/augustines.org\/es\/wp-json\/wp\/v2\/posts\/940\/revisions"}],"predecessor-version":[{"id":1095,"href":"https:\/\/augustines.org\/es\/wp-json\/wp\/v2\/posts\/940\/revisions\/1095"}],"wp:featuredmedia":[{"embeddable":true,"href":"https:\/\/augustines.org\/es\/wp-json\/wp\/v2\/media\/660"}],"wp:attachment":[{"href":"https:\/\/augustines.org\/es\/wp-json\/wp\/v2\/media?parent=940"}],"wp:term":[{"taxonomy":"category","embeddable":true,"href":"https:\/\/augustines.org\/es\/wp-json\/wp\/v2\/categories?post=940"},{"taxonomy":"post_tag","embeddable":true,"href":"https:\/\/augustines.org\/es\/wp-json\/wp\/v2\/tags?post=940"}],"curies":[{"name":"wp","href":"https:\/\/api.w.org\/{rel}","templated":true}]}}